{"id":1,"date":"2023-08-30T21:34:09","date_gmt":"2023-08-30T19:34:09","guid":{"rendered":"https:\/\/foerderkreis-gw.de\/?p=1"},"modified":"2024-10-08T06:30:17","modified_gmt":"2024-10-08T04:30:17","slug":"hallo-welt","status":"publish","type":"post","link":"https:\/\/foerderkreis-gw.de\/?p=1","title":{"rendered":"BARBARA-TAGUNG 2023"},"content":{"rendered":"\n<p>Am 10. November 2023 fand in den R\u00e4umen der THM in Friedberg (Hessen) die n\u00e4chste BARBARA-Tagung statt, zu welcher wieder spannende Vortr\u00e4ge auf Sie warteten.<\/p>\n","protected":false},"excerpt":{"rendered":"<p>Am 10. November 2023 fand in den R\u00e4umen der THM in Friedberg (Hessen) die n\u00e4chste BARBARA-Tagung statt, zu welcher wieder spannende Vortr\u00e4ge auf Sie warteten.<\/p>\n","protected":false},"author":2,"featured_media":0,"comment_status":"closed","ping_status":"closed","sticky":false,"template":"","format":"standard","meta":{"ngg_post_thumbnail":0,"footnotes":""},"categories":[5,4,6],"tags":[],"class_list":["post-1","post","type-post","status-publish","format-standard","hentry","category-aktivitaeten","category-barbaratagungen","category-termine"],"_links":{"self":[{"href":"https:\/\/foerderkreis-gw.de\/index.php?rest_route=\/wp\/v2\/posts\/1","targetHints":{"allow":["GET"]}}],"collection":[{"href":"https:\/\/foerderkreis-gw.de\/index.php?rest_route=\/wp\/v2\/posts"}],"about":[{"href":"https:\/\/foerderkreis-gw.de\/index.php?rest_route=\/wp\/v2\/types\/post"}],"author":[{"embeddable":true,"href":"https:\/\/foerderkreis-gw.de\/index.php?rest_route=\/wp\/v2\/users\/2"}],"replies":[{"embeddable":true,"href":"https:\/\/foerderkreis-gw.de\/index.php?rest_route=%2Fwp%2Fv2%2Fcomments&post=1"}],"version-history":[{"count":3,"href":"https:\/\/foerderkreis-gw.de\/index.php?rest_route=\/wp\/v2\/posts\/1\/revisions"}],"predecessor-version":[{"id":498,"href":"https:\/\/foerderkreis-gw.de\/index.php?rest_route=\/wp\/v2\/posts\/1\/revisions\/498"}],"wp:attachment":[{"href":"https:\/\/foerderkreis-gw.de\/index.php?rest_route=%2Fwp%2Fv2%2Fmedia&parent=1"}],"wp:term":[{"taxonomy":"category","embeddable":true,"href":"https:\/\/foerderkreis-gw.de\/index.php?rest_route=%2Fwp%2Fv2%2Fcategories&post=1"},{"taxonomy":"post_tag","embeddable":true,"href":"https:\/\/foerderkreis-gw.de\/index.php?rest_route=%2Fwp%2Fv2%2Ftags&post=1"}],"curies":[{"name":"wp","href":"https:\/\/api.w.org\/{rel}","templated":true}]}}