{"id":500,"date":"2024-10-08T08:00:55","date_gmt":"2024-10-08T06:00:55","guid":{"rendered":"https:\/\/foerderkreis-gw.de\/?p=500"},"modified":"2024-10-23T11:40:49","modified_gmt":"2024-10-23T09:40:49","slug":"barbara-tagung-2024","status":"publish","type":"post","link":"https:\/\/foerderkreis-gw.de\/?p=500","title":{"rendered":"BARBARA-TAGUNG 2024"},"content":{"rendered":"\n<p>Am 22. November 2024 findet die BARBARA-Tagung in den R\u00e4umen der THM in Friedberg (Hessen) statt, zu welcher wieder spannende Vortr\u00e4ge auf Sie warten. Veranstalter sind der F\u00f6rderkreis Gie\u00dferei- und Werkstofftechnik Friedberg und der Verein Deutscher Gie\u00dfereifachleute e.V.<\/p>\n\n\n\n<p>Tagungsort: TH Mittelhessen in Friedberg, Geb\u00e4ude A8, Raum 1.06 a\/b<\/p>\n\n\n\n<div class=\"wp-block-file\"><a id=\"wp-block-file--media-75be2f76-d18f-4584-8e93-37e4930ec2ce\" href=\"https:\/\/foerderkreis-gw.de\/wp-content\/uploads\/2024\/10\/EinladungBarbaratagung2024.pdf\">EinladungBarbaratagung2024<\/a><\/div>\n\n\n\n<figure class=\"wp-block-table\"><table><tbody><tr><td><strong>10:00<\/strong><\/td><td><strong>Begr\u00fc\u00dfungskaffee<\/strong><\/td><\/tr><tr><td><strong>10:15<\/strong><\/td><td><strong>Begr\u00fc\u00dfung<\/strong><br>Technische Hochschule Mittelhessen THM: <br>Fachbereich Mathematik, Naturwissenschaften, Datenverarbeitung MND<br>Dekan: Prof. Dr. M. Martin<br>F\u00f6rderkreis Gie\u00dferei- und Werkstoff-technik, Friedberg e.V.:<br>Gesch\u00e4ftsf\u00fchrer Prof. Dr. K. Behler<br>VDG Landesverband Hessen:<br>Vorsitzender Dr.-Ing. W. Lenz<\/td><\/tr><tr><td><strong>10:40<\/strong><\/td><td><strong>Industrielle Computertomografie in der Forschung und Fertigungsmesstechnik<\/strong><br>H. Sprankel, M. Sc. <br>Werth Messtechnik, Gie\u00dfen<\/td><\/tr><tr><td><strong>11:25<\/strong><\/td><td><strong>Gr\u00fcne Transformation der saarl\u00e4ndischen Stahlindustrie &#8211; Vom Blasstahl zum Elektrostahl<\/strong><br>Dr. D. Sch\u00f6ne<br>Stahlwerk V\u00f6lklingen, V\u00f6lklingen<\/td><\/tr><tr><td><strong>12:10<\/strong><\/td><td><strong>Laser-Nutzentrennen in der Elektronikindustrie<\/strong><br>Dipl.-Ing. J. Kirschbaum<br>LPKF Laser &amp; Electronics, Garbsen<\/td><\/tr><tr><td><strong>13:00<\/strong><\/td><td><strong>Gespr\u00e4che und Diskussionen beim Mittagsimbiss<\/strong><\/td><\/tr><tr><td><strong>13:45<\/strong><\/td><td><strong>Die hybride und digitale Kernmacherei der Zukunft<\/strong><br>Dipl.-Ing. R. Wintgens<br>L\u00e4mpe, Schopfheim<\/td><\/tr><tr><td><strong>14:30<\/strong><\/td><td><strong>Wer viel misst, misst \u2013 besser?! \u00dcber Normen, Normale und Qualit\u00e4tssicherung in akkreditierten Kalibrierlaboratorien<\/strong><br>Dipl.-Ing. D. Nordmann<br>Physik. Technische Bundesanst., Braunschweig<\/td><\/tr><tr><td><strong>15:15<\/strong><\/td><td><strong>Kaffeepause<\/strong><\/td><\/tr><tr><td><strong>15:45<\/strong><\/td><td><strong>Gro\u00dfformatiger 3D-Druck f\u00fcr Kunstguss-Anwendungen<\/strong><br>Dipl.-Ing. T. King<br>Voxeljet, Friedberg<\/td><\/tr><tr><td><strong>16:30<\/strong><\/td><td><strong>Optische Messtechnik im Final Test BMV080 &#8211; optischer Partikelsensor<\/strong><br>Dipl.-Ing. T.Maurer<br>Robert Bosch, Reutlingen<\/td><\/tr><tr><td><strong>17:15<\/strong><\/td><td><strong>Combicore-Kerne f\u00fcr Leichtmetalldruckguss und andere Gie\u00dfverfahren und Werkstoffe<\/strong><br>Dipl.-Ing. F. Heppes<br>Combicore, Rodenbach<\/td><\/tr><tr><td><strong>18:00<\/strong><\/td><td><strong>Schlussworte \/Ende<\/strong><\/td><\/tr><\/tbody><\/table><figcaption class=\"wp-element-caption\">Tagungsprogramm der Friedberger Barbara-Tagung 2024<\/figcaption><\/figure>\n\n\n\n<p>Die Fachvortr\u00e4ge werden als BPP-Vortr\u00e4ge f\u00fcr den Studiengang AP\/PhT anerkannt.<\/p>\n\n\n\n<p>Am Abend findet der traditionelle Barbara-Umtrunk statt, zu dem insbesondere ehemalige und aktuelle Studierende der Gie\u00dferei-, Werkstofftechnik und Physikalischen Technik\/Angewandte Physik sowie G\u00e4ste eingeladen sind.<\/p>\n\n\n\n<figure class=\"wp-block-table\"><table class=\"has-fixed-layout\"><tbody><tr><td><strong>F\u00d6RDERKREIS GIESSEREI- UND<br>WERKSTOFFTECHNIK F\u00d6RDERKREIS GW e.V.<\/strong><\/td><td><strong>Mitgliederversammlung F\u00f6rderkreis GW, 18:30 Uhr<\/strong><br><strong>BARBARA-UMTRUNK, 19.00 Uhr<\/strong><\/td><\/tr><\/tbody><\/table><figcaption class=\"wp-element-caption\">Anschlie\u00dfendes Programm des F\u00f6rderkreises GW<\/figcaption><\/figure>\n","protected":false},"excerpt":{"rendered":"<p>Am 22. November 2024 findet die BARBARA-Tagung in den R\u00e4umen der THM in Friedberg (Hessen) statt, zu welcher wieder spannende Vortr\u00e4ge auf Sie warten. Veranstalter sind der F\u00f6rderkreis Gie\u00dferei- und Werkstofftechnik Friedberg und der Verein Deutscher Gie\u00dfereifachleute e.V. Tagungsort: TH &hellip; <a href=\"https:\/\/foerderkreis-gw.de\/?p=500\">Weiterlesen <span class=\"meta-nav\">&rarr;<\/span><\/a><\/p>\n","protected":false},"author":2,"featured_media":95,"comment_status":"closed","ping_status":"open","sticky":false,"template":"","format":"standard","meta":{"ngg_post_thumbnail":0,"footnotes":""},"categories":[5,4,6],"tags":[],"class_list":["post-500","post","type-post","status-publish","format-standard","has-post-thumbnail","hentry","category-aktivitaeten","category-barbaratagungen","category-termine"],"_links":{"self":[{"href":"https:\/\/foerderkreis-gw.de\/index.php?rest_route=\/wp\/v2\/posts\/500","targetHints":{"allow":["GET"]}}],"collection":[{"href":"https:\/\/foerderkreis-gw.de\/index.php?rest_route=\/wp\/v2\/posts"}],"about":[{"href":"https:\/\/foerderkreis-gw.de\/index.php?rest_route=\/wp\/v2\/types\/post"}],"author":[{"embeddable":true,"href":"https:\/\/foerderkreis-gw.de\/index.php?rest_route=\/wp\/v2\/users\/2"}],"replies":[{"embeddable":true,"href":"https:\/\/foerderkreis-gw.de\/index.php?rest_route=%2Fwp%2Fv2%2Fcomments&post=500"}],"version-history":[{"count":6,"href":"https:\/\/foerderkreis-gw.de\/index.php?rest_route=\/wp\/v2\/posts\/500\/revisions"}],"predecessor-version":[{"id":520,"href":"https:\/\/foerderkreis-gw.de\/index.php?rest_route=\/wp\/v2\/posts\/500\/revisions\/520"}],"wp:featuredmedia":[{"embeddable":true,"href":"https:\/\/foerderkreis-gw.de\/index.php?rest_route=\/wp\/v2\/media\/95"}],"wp:attachment":[{"href":"https:\/\/foerderkreis-gw.de\/index.php?rest_route=%2Fwp%2Fv2%2Fmedia&parent=500"}],"wp:term":[{"taxonomy":"category","embeddable":true,"href":"https:\/\/foerderkreis-gw.de\/index.php?rest_route=%2Fwp%2Fv2%2Fcategories&post=500"},{"taxonomy":"post_tag","embeddable":true,"href":"https:\/\/foerderkreis-gw.de\/index.php?rest_route=%2Fwp%2Fv2%2Ftags&post=500"}],"curies":[{"name":"wp","href":"https:\/\/api.w.org\/{rel}","templated":true}]}}