{"id":686,"date":"2019-11-23T10:33:00","date_gmt":"2019-11-23T09:33:00","guid":{"rendered":"https:\/\/foerderkreis-gw.de\/?p=686"},"modified":"2026-02-09T11:12:17","modified_gmt":"2026-02-09T10:12:17","slug":"ehemalige-studierende-berichten-ueber-neue-technologieentwicklungen","status":"publish","type":"post","link":"https:\/\/foerderkreis-gw.de\/?p=686","title":{"rendered":"Ehemalige Studierende berichten \u00fcber neue Technologieentwicklungen"},"content":{"rendered":"\n<p>Die traditionelle Barbaratagung, mit insgesamt ca. 80 Teilnehmern, an der THM in Friedberg verdeutlichte auch in diesem Jahr die Bedeutung von Entwicklungen und Fortschritte f\u00fcr die fertigungs- und werkstoffzentrierte Industrie in Verbindung mit Klimawandel, Elektromobilit\u00e4t und IT-Hardware.<\/p>\n\n\n\n<p>Zwei Vortr\u00e4ge befassten sich mit roboterbasierter Fertigung. So wurden die fertigungstechnischen M\u00f6glichkeiten zum Laserhybridschwei\u00dfen und Laserstrahlschwei\u00dfen (Christian Schmidt, Carl Cloos Schwei\u00dftechnik GmbH, Haiger) sowie zur spanenden Bearbeitung in der Gie\u00dferei (Stefan Rupp, robot-machining GmbH, Seligenstadt) im Hinblick auf prozess- und steuerungstechnische Aspekte sowie im Hinblick auf Bauteilgestaltung und Automatisierung beleuchtet.<\/p>\n\n\n\n<p>Severin Luzius von der Trumpf Lasertechnik GmbH, Ditzingen ging auf die aktuellen Entwicklungen der Lasertechnik ein. Hier gibt es nahezu kein Bereich im t\u00e4glichen Leben, der nicht direkt oder indirekt mit dem Einsatz von Lasern in Verbindung steht.<br>So ist die Fertigung von Computerchips der neuesten Generation nur mit Hilfe hochmoderner Hochleistungslaser m\u00f6glich: Frei fallende Zinktr\u00f6pfchen werden durch synchronisiert eingestrahlte Hochenergie-Laserpulse in einen Plasmazustand versetzt, aus dem die f\u00fcr die Chipherstellung ben\u00f6tigte Strahlung (XUV: 13 nm) emittiert wird.<br>Laserstrahlbeschrifter erzeugen in unterschiedlichsten Varianten Gravuren und Beschriftungen auf allen Arten von Material, von Textilien bis hin zu ultraharten Materialen f\u00fcr die Fertigungstechnik.<\/p>\n\n\n\n<p>Anwendungen von Lasern zur Herstellung von Lithium-Ionen Zell- und Batteriemodulen stellte Dr. Dimitrij Walter von der Manz AG, Reutlingen vor. Es wurden die verschiedenen Prozessschritte sowie Automatisierung der Fertigungslinien und die hohen Anforderungen an moderne Hochleistungsbatteriesystemen, wie sie u. a. f\u00fcr Elektrofahrzeuge ben\u00f6tigt werden, diskutiert:<br>So werden beschichtete Elektrodenmaterialien mittels Hochgeschwindigkeitslaserstrahlschneiden konfektioniert, eine Nacharbeit ist nicht zul\u00e4ssig, sodass die Schnittkanten v\u00f6llig glatt und ohne jegliche (Mikro-)Tropfenbildung sein m\u00fcssen.<br>Ebenso werden d\u00fcnne Isolationsschichten lokal begrenzt mit Kurzpulslaser abgetragen, ohne das darunter liegende Material zu beeinflussen oder zu besch\u00e4digen. Hierdurch werden neue Batteriedesigns mit verbesserten Wirkungsgraden und h\u00f6herer Energiedichte erm\u00f6glicht.<\/p>\n\n\n\n<p>Ebenfalls aus dem Bereich der Mikroelektronik berichtete Gregor Kupka (PVA Metrology &amp; Plasma Solutions GmbH, Jena) \u00fcber ein laserbasiertes Verfahren zur automatisierten Untersuchung von Halbleiter-Wafern im Hinblick auf innere (Mikro-) Fehler, die in weiteren Produktionsschritten ggf. zu erheblichen St\u00f6rungen im Fertigungsablauf f\u00fchren k\u00f6nnen. Hier werden die Wafer mittels polarisiertem Laserlicht durchstrahlt und die entstehenden Muster (Doppelbrechung) mittels Bildverarbeitung analysiert.<\/p>\n\n\n\n<p>Zwei weitere Vortr\u00e4ge aus dem Bereich Gie\u00dfereiwesen befassten sich mit umwelt- und<br>klimabezogenen Themen:<br>So erl\u00e4uterte Oliver Bender von der WESO Aurorah\u00fctte, Gladenbach rechlich-wirtschaftliche Hintergr\u00fcnde zur Energieversorgung. Hierbei ging er insbesondere auf die CO<sub>2<\/sub>-Problematik, das Thema Nutzungsentgelt und das Erneuerbare Energiegesetz (EEG) in Bezug auf die aktuellen Beschlussvorlagen der Bundesregierung ein.<br>Dr. Wolfgang Lenz vom gleichen Unternehmen stellte Ma\u00dfnahmen und M\u00f6glichkeiten vor, wie mittels entsprechender Werkstoffkreisl\u00e4ufe Rohstoffe nachhaltig genutzt werden k\u00f6nnen und welche M\u00f6glichkeiten zu wirtschaftlichen Umsetzung der Wiederverwendbarkeit von Quarzsanden in der Gie\u00dferei bestehen.<\/p>\n\n\n\n<p>Prof. Dr. Klaus Behler, Gesch\u00e4ftsf\u00fchrer des F\u00f6rdervereins Gie\u00dferei- und Werkstofftechnik Friedberg e. V., fasste die Tagung in Verbindung mit einem Dank an die Referenten zusammen und stellte fest, dass insbesondere Absolventinnen und Absolventen der Physikalischen Technik hervorragende beruflichen Entwicklungsm\u00f6glichkeiten haben und diese auch konsequent nutzen. Die ehemaligen Studierenden nutzten die Barbaratagung gerne, um zur Behebung des nach wie vor eklatanten Fachkr\u00e4ftemangels in Hochtechnologiebereichen Werbung f\u00fcr das jeweilige Unternehmen und die interessanten Karrierem\u00f6glichkeiten zu machen. Bei weiterf\u00fchrenden Gespr\u00e4chen und der Feier nach der eigentlichen Tagung konnten Studierende Kontakte zu den Referenten und anderen Ehemaligen kn\u00fcpfen.<\/p>\n\n\n\n<figure class=\"wp-block-image size-large\"><img loading=\"lazy\" decoding=\"async\" width=\"1024\" height=\"512\" src=\"https:\/\/foerderkreis-gw.de\/wp-content\/uploads\/2019\/11\/191122_Barbara_2019_IMG_2327_ok-1024x512.jpg\" alt=\"Blick in das Plenum (Foto: K. Schmidt \/ THM)\" class=\"wp-image-761\" srcset=\"https:\/\/foerderkreis-gw.de\/wp-content\/uploads\/2019\/11\/191122_Barbara_2019_IMG_2327_ok-1024x512.jpg 1024w, https:\/\/foerderkreis-gw.de\/wp-content\/uploads\/2019\/11\/191122_Barbara_2019_IMG_2327_ok-300x150.jpg 300w, https:\/\/foerderkreis-gw.de\/wp-content\/uploads\/2019\/11\/191122_Barbara_2019_IMG_2327_ok-768x384.jpg 768w, https:\/\/foerderkreis-gw.de\/wp-content\/uploads\/2019\/11\/191122_Barbara_2019_IMG_2327_ok-1536x768.jpg 1536w, https:\/\/foerderkreis-gw.de\/wp-content\/uploads\/2019\/11\/191122_Barbara_2019_IMG_2327_ok-500x250.jpg 500w, https:\/\/foerderkreis-gw.de\/wp-content\/uploads\/2019\/11\/191122_Barbara_2019_IMG_2327_ok.jpg 1800w\" sizes=\"auto, (max-width: 1024px) 100vw, 1024px\" \/><figcaption class=\"wp-element-caption\">Blick in das Plenum (Foto: K. Schmidt \/ THM)<\/figcaption><\/figure>\n\n\n\n<figure class=\"wp-block-image size-large\"><img loading=\"lazy\" decoding=\"async\" width=\"1024\" height=\"683\" src=\"https:\/\/foerderkreis-gw.de\/wp-content\/uploads\/2019\/11\/191122_Barbara_2019_IMG_2348_12x18_ok-1024x683.jpg\" alt=\"Prof. Dr. K. Behler mit Referenten (Foto: K. Schmidt \/ THM)\" class=\"wp-image-762\" srcset=\"https:\/\/foerderkreis-gw.de\/wp-content\/uploads\/2019\/11\/191122_Barbara_2019_IMG_2348_12x18_ok-1024x683.jpg 1024w, https:\/\/foerderkreis-gw.de\/wp-content\/uploads\/2019\/11\/191122_Barbara_2019_IMG_2348_12x18_ok-300x200.jpg 300w, https:\/\/foerderkreis-gw.de\/wp-content\/uploads\/2019\/11\/191122_Barbara_2019_IMG_2348_12x18_ok-768x512.jpg 768w, https:\/\/foerderkreis-gw.de\/wp-content\/uploads\/2019\/11\/191122_Barbara_2019_IMG_2348_12x18_ok-1536x1024.jpg 1536w, https:\/\/foerderkreis-gw.de\/wp-content\/uploads\/2019\/11\/191122_Barbara_2019_IMG_2348_12x18_ok-450x300.jpg 450w, https:\/\/foerderkreis-gw.de\/wp-content\/uploads\/2019\/11\/191122_Barbara_2019_IMG_2348_12x18_ok.jpg 1800w\" sizes=\"auto, (max-width: 1024px) 100vw, 1024px\" \/><figcaption class=\"wp-element-caption\">Prof. Dr. K. Behler mit Referenten (Foto: K. Schmidt \/ THM)<\/figcaption><\/figure>\n\n\n\n<figure class=\"wp-block-image size-large\"><img loading=\"lazy\" decoding=\"async\" width=\"1024\" height=\"489\" src=\"https:\/\/foerderkreis-gw.de\/wp-content\/uploads\/2019\/11\/191122_IMG_2342_B-1024x489.jpg\" alt=\"Ehemalige des Studiengangs Physikalische Rechnik (Foto: K. Schmidt \/ THM)\" class=\"wp-image-763\" srcset=\"https:\/\/foerderkreis-gw.de\/wp-content\/uploads\/2019\/11\/191122_IMG_2342_B-1024x489.jpg 1024w, https:\/\/foerderkreis-gw.de\/wp-content\/uploads\/2019\/11\/191122_IMG_2342_B-300x143.jpg 300w, https:\/\/foerderkreis-gw.de\/wp-content\/uploads\/2019\/11\/191122_IMG_2342_B-768x367.jpg 768w, https:\/\/foerderkreis-gw.de\/wp-content\/uploads\/2019\/11\/191122_IMG_2342_B-1536x733.jpg 1536w, https:\/\/foerderkreis-gw.de\/wp-content\/uploads\/2019\/11\/191122_IMG_2342_B-500x239.jpg 500w, https:\/\/foerderkreis-gw.de\/wp-content\/uploads\/2019\/11\/191122_IMG_2342_B.jpg 1800w\" sizes=\"auto, (max-width: 1024px) 100vw, 1024px\" \/><figcaption class=\"wp-element-caption\">Ehemalige des Studiengangs Physikalische Rechnik (Foto: K. Schmidt \/ THM)<\/figcaption><\/figure>\n","protected":false},"excerpt":{"rendered":"<p>Die traditionelle Barbaratagung, mit insgesamt ca. 80 Teilnehmern, an der THM in Friedberg verdeutlichte auch in diesem Jahr die Bedeutung von Entwicklungen und Fortschritte f\u00fcr die fertigungs- und werkstoffzentrierte Industrie in Verbindung mit Klimawandel, Elektromobilit\u00e4t und IT-Hardware. Zwei Vortr\u00e4ge befassten &hellip; <a href=\"https:\/\/foerderkreis-gw.de\/?p=686\">Weiterlesen <span class=\"meta-nav\">&rarr;<\/span><\/a><\/p>\n","protected":false},"author":2,"featured_media":0,"comment_status":"closed","ping_status":"open","sticky":false,"template":"","format":"standard","meta":{"ngg_post_thumbnail":0,"footnotes":""},"categories":[5,4,6],"tags":[],"class_list":["post-686","post","type-post","status-publish","format-standard","hentry","category-aktivitaeten","category-barbaratagungen","category-termine"],"_links":{"self":[{"href":"https:\/\/foerderkreis-gw.de\/index.php?rest_route=\/wp\/v2\/posts\/686","targetHints":{"allow":["GET"]}}],"collection":[{"href":"https:\/\/foerderkreis-gw.de\/index.php?rest_route=\/wp\/v2\/posts"}],"about":[{"href":"https:\/\/foerderkreis-gw.de\/index.php?rest_route=\/wp\/v2\/types\/post"}],"author":[{"embeddable":true,"href":"https:\/\/foerderkreis-gw.de\/index.php?rest_route=\/wp\/v2\/users\/2"}],"replies":[{"embeddable":true,"href":"https:\/\/foerderkreis-gw.de\/index.php?rest_route=%2Fwp%2Fv2%2Fcomments&post=686"}],"version-history":[{"count":6,"href":"https:\/\/foerderkreis-gw.de\/index.php?rest_route=\/wp\/v2\/posts\/686\/revisions"}],"predecessor-version":[{"id":765,"href":"https:\/\/foerderkreis-gw.de\/index.php?rest_route=\/wp\/v2\/posts\/686\/revisions\/765"}],"wp:attachment":[{"href":"https:\/\/foerderkreis-gw.de\/index.php?rest_route=%2Fwp%2Fv2%2Fmedia&parent=686"}],"wp:term":[{"taxonomy":"category","embeddable":true,"href":"https:\/\/foerderkreis-gw.de\/index.php?rest_route=%2Fwp%2Fv2%2Fcategories&post=686"},{"taxonomy":"post_tag","embeddable":true,"href":"https:\/\/foerderkreis-gw.de\/index.php?rest_route=%2Fwp%2Fv2%2Ftags&post=686"}],"curies":[{"name":"wp","href":"https:\/\/api.w.org\/{rel}","templated":true}]}}