{"id":705,"date":"2015-11-21T14:17:00","date_gmt":"2015-11-21T13:17:00","guid":{"rendered":"https:\/\/foerderkreis-gw.de\/?p=705"},"modified":"2026-02-09T11:00:55","modified_gmt":"2026-02-09T10:00:55","slug":"berichte-von-ehemaligen-studierenden-zuaktuellenforschungsthemenverdeutlichen-perspektiven-des-studiengangs-physikalische-technik","status":"publish","type":"post","link":"https:\/\/foerderkreis-gw.de\/?p=705","title":{"rendered":"Berichte von Ehemaligen Studierenden zu aktuellen Forschungsthemen verdeutlichen Perspektiven des Studiengangs Physikalische Technik"},"content":{"rendered":"\n<p>Ca. 90 Tagungsteilnehmer konnten sich an Hand verschiedener Vortr\u00e4ge von ehemaligen Studierenden, die ihr Studium vor 3 bis vor 15 Jahren erfolgreich beendet haben, davon \u00fcberzeugen, welche beruflichen und technologischen Entwicklungsm\u00f6glichkeiten sich in den unterschiedlichsten Branchen bieten.<\/p>\n\n\n\n<p>Zun\u00e4chst berichtete Herr Ingmar Thiemann \/Brainlab von einer neuen Entwicklung zur akustischen Diagnostik von Gehirnschwingungen, mit deren Hilfe eine schnelle Ursachenanalyse bei Schlaganf\u00e4llen, Aneurysmen oder organischen Ver\u00e4nderungen des Gehirns festgestellt werden kann. Im Rahmen der \u00dcbernahme eines us-amerikanischen Unternehmens, welche von Herrn Thiemann verantwortlich durchgef\u00fchrt wurde, wird die Technologie derzeit in den Markt eingef\u00fchrt.<\/p>\n\n\n\n<p>Verbesserte M\u00f6glichkeiten, insbesondere in Biologie und Medizin, bietet eine neue, laserbasierte Mikroskoptechnologie (STED-Mikroskopie), \u00fcber die Herr Dr. Manuel Kremer \/ LeicaMicrosystems berichtete. Mit der Technologie, f\u00fcr die in 2014 Prof. Dr. Hell \/ Universit\u00e4t G\u00f6ttingen den Nobelpreis erhielt, k\u00f6nnen molekulare Strukturen beispielsweise in Zellen dadurch sichtbar gemacht werden, dass zum Leuchten angeregte (Fluoreszenz) Zellbereiche mittels Laserstrahlung gezielt \u201eausgeschaltet\u201c werden.<\/p>\n\n\n\n<p>Herr Sascha Held verdeutlichte an Hand eines sehr anschaulichen Vortrages die M\u00f6glichkeiten und Perspektiven von kompakten Lasern, die Nanosekunden-Lichtpulse entsenden. Hiermit k\u00f6nnen nahezu alle Materialen mit einer Aufl\u00f6sung im Mikrometerbereich bearbeitet werden. Entsprechende Technologien werden u. a. in der Medizin, Medizintechnik oder der modernen Produktionstechnik angewandt. Beispielsweise k\u00f6nnen so Teile markiert und im gesamten Produktionsablauf und dem sp\u00e4teren Einsatz identifiziert werden (Industrie 4.0).<\/p>\n\n\n\n<p>Um konstante Prozess- und Arbeitsbedingungen sicher zu stellen, sind entsprechende Parameter und Anlagenver\u00e4nderungen (kontinuierlich) zu \u00fcberwachen. Hierzu befasst sich Herr Kamil Dudek mit neuen Entwicklungen zu Absorptionsmessungen f\u00fcr Hochleistungslasern mit Strahlleistungen bis zu 50 kW, wie sie in der modernen Produktionstechnik eingesetzt werden.<\/p>\n\n\n\n<p>Herr Frank Hofmann hat sich bereits im Rahmen seiner Abschlussarbeit auf die Simulation physikalischer Prozesse konzentriert. Seine fachliche Expertise kann er nun in einem Unternehmen einbringen, in dem er verantwortlich f\u00fcr Belastungsberechnung und Auslegung komplexer Anlagenkomponenten t\u00e4tig ist. Die umfassenden M\u00f6glichkeiten der physikalischen Simulation konnte er an Hand der Entwicklung von Luftlagern, wie sie im Sondermaschinenbau vielf\u00e4ltig eingesetzt werden, verdeutlichen.<\/p>\n\n\n\n<p>Wie der Gesch\u00e4ftsf\u00fchrer des F\u00f6rdervereins Gie\u00dferei- und Werkstofftechnik Friedberg e. V. , Prof. Dr. Klaus Behler, in Verbindung mit einem Dank an die Referenten feststellte, konnte auch auf der diesj\u00e4hrigen Barbaratagung wieder verdeutlicht werden, welche hervorragenden beruflichen Entwicklungsm\u00f6glichkeiten ein Studiums der Physikalischen Technik bietet.<\/p>\n\n\n\n<figure class=\"wp-block-image size-full\"><img loading=\"lazy\" decoding=\"async\" width=\"837\" height=\"720\" src=\"https:\/\/foerderkreis-gw.de\/wp-content\/uploads\/2015\/11\/151120_KSchmidt_FotoIThiemann-Gehirnschwingungsmessung.jpg\" alt=\"Vorf\u00fchrung zur akkustischen Messung von Gehirnschwingungen. Links Herr I. Thiemann (Foto: K. Schmidt \/ THM)\" class=\"wp-image-747\" srcset=\"https:\/\/foerderkreis-gw.de\/wp-content\/uploads\/2015\/11\/151120_KSchmidt_FotoIThiemann-Gehirnschwingungsmessung.jpg 837w, https:\/\/foerderkreis-gw.de\/wp-content\/uploads\/2015\/11\/151120_KSchmidt_FotoIThiemann-Gehirnschwingungsmessung-300x258.jpg 300w, https:\/\/foerderkreis-gw.de\/wp-content\/uploads\/2015\/11\/151120_KSchmidt_FotoIThiemann-Gehirnschwingungsmessung-768x661.jpg 768w, https:\/\/foerderkreis-gw.de\/wp-content\/uploads\/2015\/11\/151120_KSchmidt_FotoIThiemann-Gehirnschwingungsmessung-349x300.jpg 349w\" sizes=\"auto, (max-width: 837px) 100vw, 837px\" \/><figcaption class=\"wp-element-caption\">Vorf\u00fchrung zur akkustischen Messung von Gehirnschwingungen. Links Herr I. Thiemann (Foto: K. Schmidt \/ THM)<\/figcaption><\/figure>\n\n\n\n<figure class=\"wp-block-image size-full\"><img loading=\"lazy\" decoding=\"async\" width=\"960\" height=\"416\" src=\"https:\/\/foerderkreis-gw.de\/wp-content\/uploads\/2015\/11\/151120_KSchmidt_FotoReferentenBl-1.jpg\" alt=\"Prof. Dr. Behler (rechts) bedankt sich bei den Referenten (v. l.: M. Kremer, K. Dudek, S. Held, I. Tiemann, F. Hofmann) (Foto: K. Schmidt \/ THM)\" class=\"wp-image-749\" srcset=\"https:\/\/foerderkreis-gw.de\/wp-content\/uploads\/2015\/11\/151120_KSchmidt_FotoReferentenBl-1.jpg 960w, https:\/\/foerderkreis-gw.de\/wp-content\/uploads\/2015\/11\/151120_KSchmidt_FotoReferentenBl-1-300x130.jpg 300w, https:\/\/foerderkreis-gw.de\/wp-content\/uploads\/2015\/11\/151120_KSchmidt_FotoReferentenBl-1-768x333.jpg 768w, https:\/\/foerderkreis-gw.de\/wp-content\/uploads\/2015\/11\/151120_KSchmidt_FotoReferentenBl-1-500x217.jpg 500w\" sizes=\"auto, (max-width: 960px) 100vw, 960px\" \/><figcaption class=\"wp-element-caption\">Prof. Dr. Behler (rechts) bedankt sich bei den Referenten (v. l.: M. Kremer, K. Dudek, S. Held, I. Tiemann, F. Hofmann) (Foto: K. Schmidt \/ THM)<\/figcaption><\/figure>\n","protected":false},"excerpt":{"rendered":"<p>Ca. 90 Tagungsteilnehmer konnten sich an Hand verschiedener Vortr\u00e4ge von ehemaligen Studierenden, die ihr Studium vor 3 bis vor 15 Jahren erfolgreich beendet haben, davon \u00fcberzeugen, welche beruflichen und technologischen Entwicklungsm\u00f6glichkeiten sich in den unterschiedlichsten Branchen bieten. Zun\u00e4chst berichtete Herr &hellip; <a href=\"https:\/\/foerderkreis-gw.de\/?p=705\">Weiterlesen <span class=\"meta-nav\">&rarr;<\/span><\/a><\/p>\n","protected":false},"author":2,"featured_media":0,"comment_status":"closed","ping_status":"open","sticky":false,"template":"","format":"standard","meta":{"ngg_post_thumbnail":0,"footnotes":""},"categories":[5,4,6],"tags":[],"class_list":["post-705","post","type-post","status-publish","format-standard","hentry","category-aktivitaeten","category-barbaratagungen","category-termine"],"_links":{"self":[{"href":"https:\/\/foerderkreis-gw.de\/index.php?rest_route=\/wp\/v2\/posts\/705","targetHints":{"allow":["GET"]}}],"collection":[{"href":"https:\/\/foerderkreis-gw.de\/index.php?rest_route=\/wp\/v2\/posts"}],"about":[{"href":"https:\/\/foerderkreis-gw.de\/index.php?rest_route=\/wp\/v2\/types\/post"}],"author":[{"embeddable":true,"href":"https:\/\/foerderkreis-gw.de\/index.php?rest_route=\/wp\/v2\/users\/2"}],"replies":[{"embeddable":true,"href":"https:\/\/foerderkreis-gw.de\/index.php?rest_route=%2Fwp%2Fv2%2Fcomments&post=705"}],"version-history":[{"count":4,"href":"https:\/\/foerderkreis-gw.de\/index.php?rest_route=\/wp\/v2\/posts\/705\/revisions"}],"predecessor-version":[{"id":751,"href":"https:\/\/foerderkreis-gw.de\/index.php?rest_route=\/wp\/v2\/posts\/705\/revisions\/751"}],"wp:attachment":[{"href":"https:\/\/foerderkreis-gw.de\/index.php?rest_route=%2Fwp%2Fv2%2Fmedia&parent=705"}],"wp:term":[{"taxonomy":"category","embeddable":true,"href":"https:\/\/foerderkreis-gw.de\/index.php?rest_route=%2Fwp%2Fv2%2Fcategories&post=705"},{"taxonomy":"post_tag","embeddable":true,"href":"https:\/\/foerderkreis-gw.de\/index.php?rest_route=%2Fwp%2Fv2%2Ftags&post=705"}],"curies":[{"name":"wp","href":"https:\/\/api.w.org\/{rel}","templated":true}]}}