{"id":720,"date":"2009-11-25T15:09:00","date_gmt":"2009-11-25T14:09:00","guid":{"rendered":"https:\/\/foerderkreis-gw.de\/?p=720"},"modified":"2025-09-22T15:20:27","modified_gmt":"2025-09-22T13:20:27","slug":"traditionelle-barbaratagung-in-friedberg-mit-neuer-ausrichtung","status":"publish","type":"post","link":"https:\/\/foerderkreis-gw.de\/?p=720","title":{"rendered":"Traditionelle Barbaratagung in Friedberg mit neuer Ausrichtung"},"content":{"rendered":"\n<p>Erstmalig seit einigen Jahren wurde die traditionelle Barbaratagung wieder in den R\u00e4umen der Fachhochschule in Friedberg durchgef\u00fchrt. Die Veranstaltung, die der F\u00f6rderkreis Gie\u00dferei- und Werkstofftechnik Friedberg sowie die Regionalgruppe des Verbandes der deutschen Gie\u00dfereitechnik (VDG) ausrichtet, war mit ca. 60 Teilnehmern sehr gut besucht. Wie Prof. Dr. Behler, Vorstandsvorsitzender des F\u00f6rderkreises Gie\u00dferei- und Werkstofftechnik Friedberg, in seiner Begr\u00fc\u00dfung betonte, soll die traditionsreiche Veranstaltung in den n\u00e4chsten Jahren zu einer regionalen Technologietagung ausgebaut werden. Sie soll zu einer Plattform entwickelt werden, auf der insbesondere auch Technologiegebiete in denen Absolventen der Fachhochschulen t\u00e4tig sind, darzustellen, u. a. um hierdurch die Verbundenheit der Hochschule zur Industrie zu intensivieren.<\/p>\n\n\n\n<p>In einem Gru\u00dfwort leitete Prof. Dr. Prinz, ehemaliger Professor an der Fachhochschule Gie\u00dfen-Friedberg und ehemaliges Vorstandsmitglied des F\u00f6rderkreises, \u00fcber von der traditionellen Tagungsausrichtung zu den neuen, aus der Tradition abgeleiteten Perspektiven, die im vergangenen Jahr durch die Neubesetzung des Vorstandes des F\u00f6rderkreises eingeleitet worden war.<\/p>\n\n\n\n<p>Im ersten Teil der Tagung wurden die Grundlagen, neue Entwicklungen und Automatisierung sowie Fertigungsverfahren in der Photovoltaik diskutiert. Die Referenten aus Forschung und Industrie, Prof. Dr. Klein \/ FH Gie\u00dfen-Friedberg und Dr. Wolf \/ TU Darmstadt, Herr Bode \/ Solon AG Berlin und Herr Giegerich \/ Reiss Robotics Obernburg verdeutlichten die Notwendigkeit der Schaffung durchg\u00e4ngiger Technologiewertsch\u00f6pfungsketten von der Forschung \u00fcber Entwicklung, Produktion und Fertigung bis hin zum Qualit\u00e4tsmanagement. U. a. auf Grund dieses ganzheitlichen Ansatzes z\u00e4hlt die BRD zu den Technologie- und Marktf\u00fchrern auf dem Gebiet der Photovoltaik.<\/p>\n\n\n\n<p>Im zweiten Tagungsteil wurden intensiv unterschiedliche Werkstoffbereiche bzw. entsprechende Forschungsgebiete diskutiert.<\/p>\n\n\n\n<p>So wurden \u00fcber das Einsatzpotenzial von Hochleistungskunstoffen als Metallersatz berichtet (Herr Plebs \/ EMS-Chemie).<\/p>\n\n\n\n<p>Die anschlie\u00dfende Vortragsreihe, die von der VDG-Landesgruppe Hessen organisiert worden war, befasste sich intensiv mit unterschiedlichen Fragestellungen des Gie\u00dfens von Eisenwerkstoffen. Beispielsweise wurden aktuelle Ergebnisse aus der Grundlagenforschung (Prof. Dr. Tonn \/ TU Clausthal) ebenso vorgestellt, wie verschiedene technologische Aspekte oder auch Fragen zur Produktverbesserung durch modernes Qualit\u00e4tsmanagement diskutiert (Prof. Dr. Eigenfeld \/ TU Freiberg; Herr Stein \/ Bosch Thermotechnik GmbH Lollar; Herr Meyer \/ Optimining GmbH). Abschlie\u00dfend wurden Optimierungspotenziale durch Energieverbrauchsmanagement (Herr Fuch \/ Watt Synergia Frankfurt) aufgezeigt, die insbesondere in energieintensiven Branchen wie der Gie\u00dfereiindustrie einen erheblichen Nutzen aufweisen k\u00f6nnen.<\/p>\n\n\n\n<p>Insgesamt wurde die Tagung von ReferentInnen und dem Auditorium sehr positiv wahrgenommen, wozu sowohl das ansprechende Ambiente der Hochschule als auch die neue Ausrichtung der Tagung in der Kopplung eines technologieorientierten und eines werkstoffkundlichen Teiles beigetragen haben.<\/p>\n\n\n\n<p>F\u00fcr die Barbaratagung 2010, mit deren Planung nun wieder begonnen wird, ist als Technologiethema \u201eLasertechnik -Grundlagen, M\u00f6glichkeiten und Anwendungen-\u201c,vorgesehen, da vor 50 Jahren mit der Entdeckung des Lasereffektes und der Entwicklung erster Ger\u00e4te eine technologische Revolution begonnen hat, die durch die Nutzung von Photonen in allen Bereichen von Forschung, Industrie und Alltag gekennzeichnet ist und in den n\u00e4chsten Jahrzehnten sich noch weiterhin intensiv fortsetzen wird.<\/p>\n\n\n\n<p><\/p>\n","protected":false},"excerpt":{"rendered":"<p>Erstmalig seit einigen Jahren wurde die traditionelle Barbaratagung wieder in den R\u00e4umen der Fachhochschule in Friedberg durchgef\u00fchrt. Die Veranstaltung, die der F\u00f6rderkreis Gie\u00dferei- und Werkstofftechnik Friedberg sowie die Regionalgruppe des Verbandes der deutschen Gie\u00dfereitechnik (VDG) ausrichtet, war mit ca. 60 &hellip; <a href=\"https:\/\/foerderkreis-gw.de\/?p=720\">Weiterlesen <span class=\"meta-nav\">&rarr;<\/span><\/a><\/p>\n","protected":false},"author":2,"featured_media":0,"comment_status":"closed","ping_status":"open","sticky":false,"template":"","format":"standard","meta":{"ngg_post_thumbnail":0,"footnotes":""},"categories":[5,4,6],"tags":[],"class_list":["post-720","post","type-post","status-publish","format-standard","hentry","category-aktivitaeten","category-barbaratagungen","category-termine"],"_links":{"self":[{"href":"https:\/\/foerderkreis-gw.de\/index.php?rest_route=\/wp\/v2\/posts\/720","targetHints":{"allow":["GET"]}}],"collection":[{"href":"https:\/\/foerderkreis-gw.de\/index.php?rest_route=\/wp\/v2\/posts"}],"about":[{"href":"https:\/\/foerderkreis-gw.de\/index.php?rest_route=\/wp\/v2\/types\/post"}],"author":[{"embeddable":true,"href":"https:\/\/foerderkreis-gw.de\/index.php?rest_route=\/wp\/v2\/users\/2"}],"replies":[{"embeddable":true,"href":"https:\/\/foerderkreis-gw.de\/index.php?rest_route=%2Fwp%2Fv2%2Fcomments&post=720"}],"version-history":[{"count":1,"href":"https:\/\/foerderkreis-gw.de\/index.php?rest_route=\/wp\/v2\/posts\/720\/revisions"}],"predecessor-version":[{"id":722,"href":"https:\/\/foerderkreis-gw.de\/index.php?rest_route=\/wp\/v2\/posts\/720\/revisions\/722"}],"wp:attachment":[{"href":"https:\/\/foerderkreis-gw.de\/index.php?rest_route=%2Fwp%2Fv2%2Fmedia&parent=720"}],"wp:term":[{"taxonomy":"category","embeddable":true,"href":"https:\/\/foerderkreis-gw.de\/index.php?rest_route=%2Fwp%2Fv2%2Fcategories&post=720"},{"taxonomy":"post_tag","embeddable":true,"href":"https:\/\/foerderkreis-gw.de\/index.php?rest_route=%2Fwp%2Fv2%2Ftags&post=720"}],"curies":[{"name":"wp","href":"https:\/\/api.w.org\/{rel}","templated":true}]}}