{"id":723,"date":"2024-11-23T15:27:00","date_gmt":"2024-11-23T14:27:00","guid":{"rendered":"https:\/\/foerderkreis-gw.de\/?p=723"},"modified":"2026-02-09T11:19:33","modified_gmt":"2026-02-09T10:19:33","slug":"traditionelle-barbaratagung-zum-60-mal-an-derthm-in-friedberg-aktuelle-technologiethemen-aus-forschung-und-industrie","status":"publish","type":"post","link":"https:\/\/foerderkreis-gw.de\/?p=723","title":{"rendered":"Traditionelle Barbaratagung zum 60.mal an derTHM in Friedberg &#8211; aktuelle Technologiethemen aus Forschung und Industrie &#8211;"},"content":{"rendered":"\n<p>Hochkar\u00e4tige Referentinnen und Referenten aus Industrie und Forschung stellten auch in diesem Jahr wieder aktuelle Entwicklungen aus unterschiedlichen Technologiebereichen im Rahmen der Barbaratagung vor. Die vom F\u00f6rderkreis Gie\u00dferei und Werkstofftechnik in Kooperation mit dem Fachbereich Mathematik, Naturwissenschaften und Datenverarbeitung der Technischen Hochschule Mittelhessen ausgerichtete, traditionsreiche Fachtagung feierte bereits ihr 60-j\u00e4hriges Jubil\u00e4um. Insgesamt \u00fcber 50 Tagungsbesucher erhielten umfassende und spannende Einblicke in technologieorientierte Themen und Fragestellungen, bspw. die Anwendung von Computertomographie zur Qualit\u00e4tspr\u00fcfung von Komponenten, neueste Entwicklungen von Luftanalysesensoren (Schadstoffpartikel) deren Einsatz zuk\u00fcnftig auch in Mobiltelefonen vorgesehen ist oder die sich ergebenden Herausforderungen in der Stahlherstellung durch die Umstellung auf gr\u00fcne Wasserstofftechnologie.<\/p>\n\n\n\n<p>Die Tagung wurde durch Prof. Dr. Marcus Martin, Dekan des Fachbereichs Mathematik, Naturwissenschaften und Datenverarbeitung, Dr. Wolfgang Lenz von der VDG-Landesgruppe Hessen und Prof. Dr. Klaus Behler, Gesch\u00e4ftsf\u00fchrer des F\u00f6rderkreises GW, er\u00f6ffnet.<\/p>\n\n\n\n<p>Die technologischen Grundlagen und verbesserten Einsatzm\u00f6glichkeiten der Computertomographie in Forschung, Qualit\u00e4tssicherung und Fertigungstechnik wurden von Herrn Sprankel \/ Werth Messtechnik Gie\u00dfen, umfassend dargestellt. Der Vortrag regte insbesondere die anwesenden Industrievertreter zu vertiefenden Diskussionen an, da sich neue Potenziale zur Qualit\u00e4tspr\u00fcfung insbesondere bei hochgenauen Komponenten, auch in der Massenfertigung ergeben.<\/p>\n\n\n\n<p>Ein aktuelles Thema zur klimabezogenen Transformation von Produktionsverfahren wurde von Dr. Sch\u00f6ne \/ Stahlwerke V\u00f6lklingen, aufgegriffen, der \u00fcber ein mehrere Milliarden Euro umfassendes Projekt zur zuk\u00fcnftigen Stahlherstellung auf Basis von gr\u00fcnem Wasserstoff im Saarland berichtete. Neue laserbasierte Technologieentwicklungen, deren Einsatz erst die Herstellung bzw. Nutzung allt\u00e4glicher Produkte erm\u00f6glichen, standen im Fokus zweier Vortr\u00e4ge: So berichtete Herr Kirschbaum \/ LPKF Garbsen \u00fcber das Laserstrahlschneiden von Platinen (sog. Nutzen) mit Ultrakurzpulslasern in der Elektronikindustrie. Neben den sehr kurzen Taktzeiten und der sehr hohen Pr\u00e4zision sind hier insbesondere Umweltaspekte in neuen Entwicklungen zu ber\u00fccksichtigen. Die Entwicklung eines neuartigen, laserbasierten Mikro-Sensors zur Erfassung von Schadstoffpartikeln, der zuk\u00fcnftig in Mobiltelefonen eingebaut werden soll und aktuell in die Massenproduktion transferiert wird, wurde von Herrn Maurer \/ Bosch Reutlingen vorgestellt.<\/p>\n\n\n\n<p>Mit Themen zur Mess- und Pr\u00fcftechnik befassten sich die Vortr\u00e4ge von Herrn Nordmann \/ Physikalisch Technische Bundesanstalt Braunschweig und von Herrn Brehm \/ Daimler Truck Mannheim. Im Vortrag von Herrn Nordmann wurden die normativen Grundlagen von Messungen verdeutlicht, insbesondere im Hinblick auf die Kalibrierung von Messmitteln und der Vertrauenssicherheit von Ergebnissen. Anwendungsbezogen wurden hierzu verschiedenste Aspekte zur Erfassung und Nutzung von Messergebnissen im Qualit\u00e4tsmanagement in der industriellen Praxis durch Herrn Brehm verdeutlicht.<\/p>\n\n\n\n<p>Aus dem Bereich der Gie\u00dfereitechnik bzw. dem Formenbau wurden schlie\u00dflich neueste Entwicklungen zur Herstellung sog. Gie\u00dfkerne von Herrn Wintgens \/ L\u00e4mpe Barleben und von Herrn Heppes \/ Combicore Rodenbach vorgestellt. Bspw. ergeben sich neue M\u00f6glichkeiten f\u00fcr Gie\u00dfkerne durch die additive Fertigung oder die Herstellung von Hohlstrukturen.<\/p>\n\n\n\n<p>Auch in diesem Jahr wurde die Tagung, die Qualit\u00e4t der Vortr\u00e4ge und die sich bietenden M\u00f6glichkeiten zu intensiver Diskussion und Austausch als sehr interessant und wichtig f\u00fcr die gesellschaftliche und industrielle Vernetzung eingesch\u00e4tzt. Die Intention, insbesondere Studierenden der THM eine Plattform zum Kennenlernen neuer Technologiefelder sowie zur Kontaktaufnahme im<\/p>\n\n\n\n<p>Hinblick auf den Berufseinstieg in zukunftstr\u00e4chtigen Bereichen zu erm\u00f6glichen, wurde, auch aus Sicht der Vortragenden und Organisatoren, leider nur in geringem Ma\u00dfe erreicht. Auch Dozentinnen und Dozenten der THM waren nur in geringer Zahl anwesend, Chancen der technologieorientierten Weiterentwicklung von Studieninhalten wurden kaum genutzt. Ein st\u00e4rkeres Engagement, Studierenden aller technologieorientierter Studieng\u00e4nge direkte Einblicke in anwendungsorientierte Forschung und industrielle Prozesse zu erm\u00f6glichen, sowie eine Kontaktaufnahme zu verantwortlichen Personen zu erleichtern, w\u00e4re f\u00fcr die Zukunft w\u00fcnschenswert. Hierbei ist besonders zu ber\u00fccksichtigen, dass viele Referentinnen und Referenten selbst Absolventen der THM aus dem Bereich der Physikalischen Technik \/ Angewandten Physik und Gie\u00dferei und Werkstofftechnik sind, wodurch Studierenden direkt Potenziale zu beruflichen Einsatzfeldern oder zur individuellen beruflichen Entwicklung verdeutlicht werden.<\/p>\n\n\n\n<figure class=\"wp-block-image size-large\"><img loading=\"lazy\" decoding=\"async\" width=\"1024\" height=\"623\" src=\"https:\/\/foerderkreis-gw.de\/wp-content\/uploads\/2024\/11\/241122_IMG_9802_ok_254-1024x623.jpg\" alt=\"Er\u00f6ffnung der 60. Barbaratagung durch Dr. W. Lenz (VDG-Landesgruppe Hessen), Prof. Dr. M. Marcus (Dekan Fachbereich MND) und Prof. Dr. K. Behler (Gesch\u00e4ftsf\u00fchrer F\u00f6rderkreis GW) (v.l.) (Foto: K. Schmidt \/ THM)\" class=\"wp-image-769\" srcset=\"https:\/\/foerderkreis-gw.de\/wp-content\/uploads\/2024\/11\/241122_IMG_9802_ok_254-1024x623.jpg 1024w, https:\/\/foerderkreis-gw.de\/wp-content\/uploads\/2024\/11\/241122_IMG_9802_ok_254-300x182.jpg 300w, https:\/\/foerderkreis-gw.de\/wp-content\/uploads\/2024\/11\/241122_IMG_9802_ok_254-768x467.jpg 768w, https:\/\/foerderkreis-gw.de\/wp-content\/uploads\/2024\/11\/241122_IMG_9802_ok_254-1536x934.jpg 1536w, https:\/\/foerderkreis-gw.de\/wp-content\/uploads\/2024\/11\/241122_IMG_9802_ok_254-493x300.jpg 493w, https:\/\/foerderkreis-gw.de\/wp-content\/uploads\/2024\/11\/241122_IMG_9802_ok_254.jpg 2000w\" sizes=\"auto, (max-width: 1024px) 100vw, 1024px\" \/><figcaption class=\"wp-element-caption\">Er\u00f6ffnung der 60. Barbaratagung durch Dr. W. Lenz (VDG-Landesgruppe Hessen), Prof. Dr. M. Marcus (Dekan Fachbereich MND) und Prof. Dr. K. Behler (Gesch\u00e4ftsf\u00fchrer F\u00f6rderkreis GW) (v.l.) (Foto: K. Schmidt \/ THM)<\/figcaption><\/figure>\n\n\n\n<figure class=\"wp-block-image size-large\"><img loading=\"lazy\" decoding=\"async\" width=\"1024\" height=\"649\" src=\"https:\/\/foerderkreis-gw.de\/wp-content\/uploads\/2024\/11\/241122_IMG_9814_ok_254-1024x649.jpg\" alt=\"Herr H. Sprankel \/ Werth Messtechnik stellt M\u00f6glichkeiten der Computertomographie in Forschung und industrieller Fertigung vor (Foto: K. Schmidt \/ THM)\" class=\"wp-image-771\" srcset=\"https:\/\/foerderkreis-gw.de\/wp-content\/uploads\/2024\/11\/241122_IMG_9814_ok_254-1024x649.jpg 1024w, https:\/\/foerderkreis-gw.de\/wp-content\/uploads\/2024\/11\/241122_IMG_9814_ok_254-300x190.jpg 300w, https:\/\/foerderkreis-gw.de\/wp-content\/uploads\/2024\/11\/241122_IMG_9814_ok_254-768x487.jpg 768w, https:\/\/foerderkreis-gw.de\/wp-content\/uploads\/2024\/11\/241122_IMG_9814_ok_254-1536x973.jpg 1536w, https:\/\/foerderkreis-gw.de\/wp-content\/uploads\/2024\/11\/241122_IMG_9814_ok_254-474x300.jpg 474w, https:\/\/foerderkreis-gw.de\/wp-content\/uploads\/2024\/11\/241122_IMG_9814_ok_254.jpg 2000w\" sizes=\"auto, (max-width: 1024px) 100vw, 1024px\" \/><figcaption class=\"wp-element-caption\">Herr H. Sprankel \/ Werth Messtechnik stellt M\u00f6glichkeiten der Computertomographie in Forschung und industrieller Fertigung vor (Foto: K. Schmidt \/ THM)<\/figcaption><\/figure>\n","protected":false},"excerpt":{"rendered":"<p>Hochkar\u00e4tige Referentinnen und Referenten aus Industrie und Forschung stellten auch in diesem Jahr wieder aktuelle Entwicklungen aus unterschiedlichen Technologiebereichen im Rahmen der Barbaratagung vor. Die vom F\u00f6rderkreis Gie\u00dferei und Werkstofftechnik in Kooperation mit dem Fachbereich Mathematik, Naturwissenschaften und Datenverarbeitung der &hellip; <a href=\"https:\/\/foerderkreis-gw.de\/?p=723\">Weiterlesen <span class=\"meta-nav\">&rarr;<\/span><\/a><\/p>\n","protected":false},"author":2,"featured_media":0,"comment_status":"closed","ping_status":"open","sticky":false,"template":"","format":"standard","meta":{"ngg_post_thumbnail":0,"footnotes":""},"categories":[5,4,6],"tags":[],"class_list":["post-723","post","type-post","status-publish","format-standard","hentry","category-aktivitaeten","category-barbaratagungen","category-termine"],"_links":{"self":[{"href":"https:\/\/foerderkreis-gw.de\/index.php?rest_route=\/wp\/v2\/posts\/723","targetHints":{"allow":["GET"]}}],"collection":[{"href":"https:\/\/foerderkreis-gw.de\/index.php?rest_route=\/wp\/v2\/posts"}],"about":[{"href":"https:\/\/foerderkreis-gw.de\/index.php?rest_route=\/wp\/v2\/types\/post"}],"author":[{"embeddable":true,"href":"https:\/\/foerderkreis-gw.de\/index.php?rest_route=\/wp\/v2\/users\/2"}],"replies":[{"embeddable":true,"href":"https:\/\/foerderkreis-gw.de\/index.php?rest_route=%2Fwp%2Fv2%2Fcomments&post=723"}],"version-history":[{"count":3,"href":"https:\/\/foerderkreis-gw.de\/index.php?rest_route=\/wp\/v2\/posts\/723\/revisions"}],"predecessor-version":[{"id":772,"href":"https:\/\/foerderkreis-gw.de\/index.php?rest_route=\/wp\/v2\/posts\/723\/revisions\/772"}],"wp:attachment":[{"href":"https:\/\/foerderkreis-gw.de\/index.php?rest_route=%2Fwp%2Fv2%2Fmedia&parent=723"}],"wp:term":[{"taxonomy":"category","embeddable":true,"href":"https:\/\/foerderkreis-gw.de\/index.php?rest_route=%2Fwp%2Fv2%2Fcategories&post=723"},{"taxonomy":"post_tag","embeddable":true,"href":"https:\/\/foerderkreis-gw.de\/index.php?rest_route=%2Fwp%2Fv2%2Ftags&post=723"}],"curies":[{"name":"wp","href":"https:\/\/api.w.org\/{rel}","templated":true}]}}