{"id":725,"date":"2022-11-19T15:35:00","date_gmt":"2022-11-19T14:35:00","guid":{"rendered":"https:\/\/foerderkreis-gw.de\/?p=725"},"modified":"2026-02-09T11:15:10","modified_gmt":"2026-02-09T10:15:10","slug":"technologietagung-an-der-thm-und-verabschiedung-eines-langjaehrigen-mitarbeiters","status":"publish","type":"post","link":"https:\/\/foerderkreis-gw.de\/?p=725","title":{"rendered":"Technologietagung an der THM und Verabschiedung eines langj\u00e4hrigen Mitarbeiters"},"content":{"rendered":"\n<p>Zur diesj\u00e4hrigen traditionellen Barbaratagung konnten in Friedberg wieder mehr als 80G\u00e4ste aus der THM und der Industrie begr\u00fc\u00dft werden. In den verschiedenen Vortr\u00e4gen wurden neueste Forschungsergebnisse und Entwicklungen aus optischen Technologien, Materialwissenschaften und Risikomanagement vorgestellt. Den im Publikum anwesenden Studierenden wurden hierbei die aktuell hervorragenden Perspektiven des Arbeitsmarktes und beruflichen Entwicklungsm\u00f6glichkeiten verdeutlicht.<\/p>\n\n\n\n<p>Ehemalige Studierende der Physikalischen Technik (jetzt Angewandte Physik), die in renommierten Unternehmen in Leitungsfunktionen t\u00e4tig sind, berichteten \u00fcber aktuelle Themen. Bspw. Erl\u00e4uterte Dr. Geis, der an der Uni Z\u00fcrich zum Nachweis dunkler Materie im Weltraum promovierte, wie in der medizinischen Forschung bei B\u00f6hringer-Ingelheim durch systematische Datenanalyse und k\u00fcnstliche Intelligenz die chemische Prozessentwicklung verbessert werden kann. Herr Luzius, Leiter des Applikationsbereichs zur Additiven Fertigung bei der Fa. Trumpf, stellte neueste Ergebnisse zur Herstellung von Komponenten aus amorphen Metallen (metall. Gl\u00e4ser) mittels lasergest\u00fctzter Verfahren vor. Die so hergestellten Bauteile, die bspw. In modernen Kopfh\u00f6rern eingesetzt werden, zeichnen sich z.T. durch v\u00f6llig neue Eigenschaften im Vergleich zu \u201enormalen\u201c Metallen aus.<\/p>\n\n\n\n<p>Das Unternehmen Particle Metrix, einer der Gesch\u00e4ftsf\u00fchrer, Jens Schiffmann, ist ebenfalls ein ehemaliger Studierender der Physikalischen Technik, stellt Ger\u00e4te zur Erfassung, zum Tracking und zur Analyse von Nanopartikeln her. Die verwendeten Technologien werden aktuell in der medizinischen Forschung bspw. Zur Analyse von Viren oder Antik\u00f6rpern eingesetzt. Die vielf\u00e4ltigen weiteren Einsatzm\u00f6glichkeiten, bspw. In der Umweltanalytik oder Materialforschung, k\u00f6nnen aktuell nicht ber\u00fccksichtigt werden, da f\u00fcr die notwendigen Expansionsschritte die ben\u00f6tigten Fachkr\u00e4fte fehlen und die Infrastruktur nicht in erforderlichem Ma\u00dfe ausgebaut werden kann.<\/p>\n\n\n\n<p>Wie Laserstrahlen anwendungsbezogen in der Messtechnik und der industriellen Fertigung bzgl. Ihres Querschnitts und ihrer Helligkeitsverteilung nahezu beliebig angepasst werden k\u00f6nnen, verdeutlichte Herr Bischoff von TOPAG in Darmstadt. Hinzu werden Optiken verwendet, in die zuvor berechnete Muster eingebracht werden, \u00e4hnlich den Hologrammen auf Ausweispapieren (diffraktive Optiken).<\/p>\n\n\n\n<p>Frau Aishaya, die 2021 erfolgreich ihr Studium an der THM abschloss, ist nun bei Photonis in den Niederlanden t\u00e4tig. Sie stellte modulare Konzepte und die technischen M\u00f6glichkeiten von Nachtsichtger\u00e4ten und Restlichtverst\u00e4rker vor. Ausgehend von den spezifischen Sichtverh\u00e4ltnissen k\u00f6nnen anwendungsbezogen Systeme adaptiert werden, die selbst bei nahezu vollst\u00e4ndiger Dunkelheit eine ausreichende Informationsdichte erm\u00f6glichen.<\/p>\n\n\n\n<p>Im weiteren Programmablauf wurden unterschiedliche Aspekte zu gie\u00dferei- und werkstofftechnischen Fragestellungen diskutiert:<\/p>\n\n\n\n<p>So berichtete Herr Rohr und Kollegen \/ Aon GmbH \u00fcber Risikomanagement und M\u00f6glichkeiten zur Absicherung gegen technische und wirtschaftliche Risiken in Gie\u00dfereien. Herr Krampitz von der DK-Recycling in Duisburg verdeutlichte in seinem Vortrag die Chancen zur Gewinnung von Roheisen auch unter Verwendung von industriellen Stahlschrott, St\u00e4uben oder Restprodukten. Hier werden im Sinne von Kreislaufwirtschaft und unter \u00f6konomischen Gesichtspunkten noch erhebliche Potenziale f\u00fcr Gie\u00dfereien gesehen. Bislang werden pro Jahr ca.350.000 t Roheisen f\u00fcr die Stahlherstellung durch entsprechendes Recycling hergestellt. Von der Uni Kassel wurde von Herrn J\u00fcngst \u00fcber aktuelle Ans\u00e4tze zur Charakterisierung von Schmelzversorgungssystemen (Speiser) in Gie\u00dfanlagen berichtet. Zum gleichen Themenbereich erl\u00e4uterte Herr Fischer von ASK Chemicals neue Entwicklungen, insbesondere im Hinblick auf \u00f6konomische und \u00f6kologische Aspekte. Durch die sog. Speiser wird im Gie\u00dfprozess sichergestellt, dass ausreichend Material w\u00e4hrend des Erstarrungsprozesses in der Gussform nachflie\u00dft und keine Fehler im fertigen Bauteil entstehen.<\/p>\n\n\n\n<p>Neue Entwicklungen zur Werkstoffentwicklung wurden anhand des Beispiels sog.GJV-St\u00e4hle verdeutlicht, in denen die Graphiteinlagerungen \u201ewurmf\u00f6rmig\u201c vorliegen. Herr Blum von der SinterCast Deutschland stellte die technischen Eigenschaften dieser Materialien im Vergleich zu klassischen Eisengusswerkstoffen vor. Die vglw. ausgepr\u00e4gte Dehnbarkeit und die Festigkeit dieser Materialmodifikation erlaubt Gewichtseinsparungen von bis zu 15% gegen\u00fcber Grauguss. GJV-St\u00e4hle werden insbesondere zur Herstellung komplexer Gro\u00dfmotoren, bspw. Schiffs- oder LKW-Motoren, eingesetzt.<\/p>\n\n\n\n<p>H\u00f6hepunkt der diesj\u00e4hrigen Barbaratagung war die Verabschiedung und Ehrung des langj\u00e4hrig im Chemielabor der THM verantwortlich t\u00e4tigen Mitarbeiters Walter Fehr. Herr Fehr war seit 1975 an der THM t\u00e4tig, zun\u00e4chst als Chemielaborant. Durch sein Engagement und die Wahrnehmung vieler Weiterbildungsma\u00dfnahmen wurde Herrn Fehr zunehmend die technische Leitung des Chemielabors \u00fcbertragen. So wurde er letztlich, auf Grund seiner Leistungen, LaboringenieurInnen gleichgestellt. In einer kurzen Ansprache w\u00fcrdigte Prof. Dr. Behler, Vorsitzender des Vorstandes des F\u00f6rderkreises Gie\u00dferei- und Werkstofftechnik e.V. die Leistungen und das Engagement von Herrn Fehr, der auch seit langem im Vorstand des F\u00f6rderkreises als Schatzmeister t\u00e4tig ist. Als Anerkennung, auch im Namen vieler Kolleginnen und Kollegen, wurde Herrn Fehr eine Tafel \u00fcberreicht, auf der mittels Laserstrahl die unterschiedlichen Logos der Hochschule \u00fcber den langen Zeitraum seiner T\u00e4tigkeit eingraviert sind. Die Anbringung von Platten der THM-Fassade sollen gleichzeitig die langj\u00e4hrige Wirkung von Herrn Fehr als \u201eUrgestein der THM&#8220; herausstellen. Nach dem kleinen Festakt und der Tagung bestand f\u00fcr die Teilnehmerinnen und Teilnehmer, unter denen auch viele ehemalige Studierende waren, noch die M\u00f6glichkeit sich \u00fcber fachliche Themen ebenso auszutauschen, wie \u00fcber Erlebnisse und Erfahrungen mit Herrn Fehr im Chemielabor.<\/p>\n\n\n\n<figure class=\"wp-block-image size-large\"><img loading=\"lazy\" decoding=\"async\" width=\"1024\" height=\"682\" src=\"https:\/\/foerderkreis-gw.de\/wp-content\/uploads\/2022\/11\/221201_KS_WFehr-EhrungKorr-1024x682.png\" alt=\"Prof. Dr. Behler bedankt sich bei Herrn Fehr (links) f\u00fcr sein langj\u00e4higes Engagement an der THM und im F\u00f6rderkreis GW\" class=\"wp-image-766\" srcset=\"https:\/\/foerderkreis-gw.de\/wp-content\/uploads\/2022\/11\/221201_KS_WFehr-EhrungKorr-1024x682.png 1024w, https:\/\/foerderkreis-gw.de\/wp-content\/uploads\/2022\/11\/221201_KS_WFehr-EhrungKorr-300x200.png 300w, https:\/\/foerderkreis-gw.de\/wp-content\/uploads\/2022\/11\/221201_KS_WFehr-EhrungKorr-768x512.png 768w, https:\/\/foerderkreis-gw.de\/wp-content\/uploads\/2022\/11\/221201_KS_WFehr-EhrungKorr-1536x1024.png 1536w, https:\/\/foerderkreis-gw.de\/wp-content\/uploads\/2022\/11\/221201_KS_WFehr-EhrungKorr-450x300.png 450w, https:\/\/foerderkreis-gw.de\/wp-content\/uploads\/2022\/11\/221201_KS_WFehr-EhrungKorr.png 1772w\" sizes=\"auto, (max-width: 1024px) 100vw, 1024px\" \/><figcaption class=\"wp-element-caption\">Prof. Dr. Behler bedankt sich bei Herrn Fehr (links) f\u00fcr sein langj\u00e4higes Engagement an der THM und im F\u00f6rderkreis GW<\/figcaption><\/figure>\n","protected":false},"excerpt":{"rendered":"<p>Zur diesj\u00e4hrigen traditionellen Barbaratagung konnten in Friedberg wieder mehr als 80G\u00e4ste aus der THM und der Industrie begr\u00fc\u00dft werden. In den verschiedenen Vortr\u00e4gen wurden neueste Forschungsergebnisse und Entwicklungen aus optischen Technologien, Materialwissenschaften und Risikomanagement vorgestellt. Den im Publikum anwesenden Studierenden &hellip; <a href=\"https:\/\/foerderkreis-gw.de\/?p=725\">Weiterlesen <span class=\"meta-nav\">&rarr;<\/span><\/a><\/p>\n","protected":false},"author":2,"featured_media":0,"comment_status":"closed","ping_status":"open","sticky":false,"template":"","format":"standard","meta":{"ngg_post_thumbnail":0,"footnotes":""},"categories":[1,4,6],"tags":[],"class_list":["post-725","post","type-post","status-publish","format-standard","hentry","category-allgemein","category-barbaratagungen","category-termine"],"_links":{"self":[{"href":"https:\/\/foerderkreis-gw.de\/index.php?rest_route=\/wp\/v2\/posts\/725","targetHints":{"allow":["GET"]}}],"collection":[{"href":"https:\/\/foerderkreis-gw.de\/index.php?rest_route=\/wp\/v2\/posts"}],"about":[{"href":"https:\/\/foerderkreis-gw.de\/index.php?rest_route=\/wp\/v2\/types\/post"}],"author":[{"embeddable":true,"href":"https:\/\/foerderkreis-gw.de\/index.php?rest_route=\/wp\/v2\/users\/2"}],"replies":[{"embeddable":true,"href":"https:\/\/foerderkreis-gw.de\/index.php?rest_route=%2Fwp%2Fv2%2Fcomments&post=725"}],"version-history":[{"count":3,"href":"https:\/\/foerderkreis-gw.de\/index.php?rest_route=\/wp\/v2\/posts\/725\/revisions"}],"predecessor-version":[{"id":768,"href":"https:\/\/foerderkreis-gw.de\/index.php?rest_route=\/wp\/v2\/posts\/725\/revisions\/768"}],"wp:attachment":[{"href":"https:\/\/foerderkreis-gw.de\/index.php?rest_route=%2Fwp%2Fv2%2Fmedia&parent=725"}],"wp:term":[{"taxonomy":"category","embeddable":true,"href":"https:\/\/foerderkreis-gw.de\/index.php?rest_route=%2Fwp%2Fv2%2Fcategories&post=725"},{"taxonomy":"post_tag","embeddable":true,"href":"https:\/\/foerderkreis-gw.de\/index.php?rest_route=%2Fwp%2Fv2%2Ftags&post=725"}],"curies":[{"name":"wp","href":"https:\/\/api.w.org\/{rel}","templated":true}]}}