{"id":730,"date":"2025-10-13T07:05:05","date_gmt":"2025-10-13T05:05:05","guid":{"rendered":"https:\/\/foerderkreis-gw.de\/?p=730"},"modified":"2025-11-04T10:40:26","modified_gmt":"2025-11-04T09:40:26","slug":"barbara-tagung-2025","status":"publish","type":"post","link":"https:\/\/foerderkreis-gw.de\/?p=730","title":{"rendered":"BARBARA-TAGUNG 2025"},"content":{"rendered":"\n<p>Am 14. November 2025 findet die BARBARA-Tagung in den R\u00e4umen der THM in Friedberg (Hessen) statt, zu welcher wieder spannende Vortr\u00e4ge auf Sie warten. Veranstalter sind der F\u00f6rderkreis Gie\u00dferei- und Werkstofftechnik Friedberg und der Verein Deutscher Gie\u00dfereifachleute e.V.<\/p>\n\n\n\n<p>Tagungsort: TH Mittelhessen in Friedberg, Geb\u00e4ude A8, Raum 1.06 a\/b<\/p>\n\n\n\n<div class=\"wp-block-file\"><a id=\"wp-block-file--media-5fb072db-08f5-49b3-a611-0d80cd4f5394\" href=\"https:\/\/foerderkreis-gw.de\/wp-content\/uploads\/2025\/10\/251016_BlDTWLenz_Barbaratag-ProgrFinal.pdf\">251016_Bl+DT+WLenz_Barbaratag-ProgrFinal<\/a><\/div>\n\n\n\n<figure class=\"wp-block-table\"><table><tbody><tr><td><strong>10:00<\/strong><\/td><td><strong>Begr\u00fc\u00dfungskaffee<\/strong><\/td><\/tr><tr><td><strong>10:15<\/strong><\/td><td><strong>Begr\u00fc\u00dfung<\/strong><br>Technische Hochschule Mittelhessen THM: <br>Fachbereich Mathematik, Naturwissenschaften, Datenverarbeitung MND<br>Dekan: Prof. Dr. M. Martin<br>F\u00f6rderkreis Gie\u00dferei- und Werkstoff-technik, Friedberg e.V.:<br>Gesch\u00e4ftsf\u00fchrer Prof. Dr. K. Behler<br>VDG Landesverband Hessen:<br>Vorsitzender Dr.-Ing. W. Lenz<\/td><\/tr><tr><td><strong>10:40<\/strong><\/td><td><strong>Prozesskontrolle in der Lasermaterialbearbeitung<\/strong><br>Dipl. Ing. P. Nimtsch<br>Precitec Optronik GmbH, Neu Isenburg<\/td><\/tr><tr><td><strong>11:25<\/strong><\/td><td><strong>Wie eine Gie\u00dferei mit Lasertechnik hilft die EURO7 Anforderungen zu meistern \u2013 LMD Beschichtung f\u00fcr Bremsscheiben<\/strong><br>Dipl.-Ing. Tobias M\u00fcller<br>Fritz Winter Eisengie\u00dferei, Stadtallendorf<\/td><\/tr><tr><td><strong>12:10<\/strong><\/td><td><strong>Prozesstechnik und Energiemanagement<\/strong><br>B.Sc. J. Gallwas<br>Keyence Deutschland GmbH, Frankfurt<\/td><\/tr><tr><td><strong>13:00<\/strong><\/td><td><strong>Gespr\u00e4che und Diskussionen beim Mittagsimbiss<\/strong><br><strong>Vorstandswahl VDG Hessen<\/strong><\/td><\/tr><tr><td><strong>13:45<\/strong><\/td><td><strong>Nachweis der Eignung von Sekund\u00e4raluminium f\u00fcr hochdekorative Gussteile<\/strong><br>M.Sc. A. Bergmann Kremer<br>Bergakademie Freiberg, Freiberg<\/td><\/tr><tr><td><strong>14:30<\/strong><\/td><td><strong>Entwicklung optischer Flusszellen f\u00fcr Anwendungen im Bioprozess und in der chemischen Analytik<\/strong><br>M.Sc. P. Raithel<br>Lytegate GmbH, Friedberg<\/td><\/tr><tr><td><strong>15:15<\/strong><\/td><td><strong>Kaffeepause<\/strong><\/td><\/tr><tr><td><strong>15:45<\/strong><\/td><td><strong>Spanende Roboterbearbeitung in der Gie\u00dferei<\/strong><br>Dipl.-Ing. Stefan Rupp<br>robmaxx GmbH, Seligenstadt<\/td><\/tr><tr><td><strong>16:30<\/strong><\/td><td><strong>W\u00e4getechnik ist wichtig<\/strong><br>Dipl. Ing. S. Kleefeldt<br>Hottinger Br\u00fcel &amp; Kj\u00e6r GmbH, Darmstadt<\/td><\/tr><tr><td><strong>17:15<\/strong><\/td><td><strong>Simulation von Gie\u00dfprozessen \u2013 ein Standard bei der Produkt- und Prozessentwicklung<\/strong><br>M.Sc. Christian T\u00f6nges<br>Magma GmbH, Aachen<\/td><\/tr><tr><td><strong>18:00<\/strong><\/td><td><strong>Schlussworte \/Ende<\/strong><\/td><\/tr><\/tbody><\/table><figcaption class=\"wp-element-caption\">Tagungsprogramm der Friedberger Barbara-Tagung 2025<\/figcaption><\/figure>\n\n\n\n<p>Die Fachvortr\u00e4ge werden als BPP-Vortr\u00e4ge f\u00fcr den Studiengang AP\/PhT anerkannt.<\/p>\n\n\n\n<p>Am Abend findet der traditionelle Barbara-Umtrunk statt, zu dem insbesondere ehemalige und aktuelle Studierende der Gie\u00dferei-, Werkstofftechnik und Physikalischen Technik\/Angewandte Physik sowie G\u00e4ste eingeladen sind.<\/p>\n\n\n\n<figure class=\"wp-block-table\"><table class=\"has-fixed-layout\"><tbody><tr><td><strong>F\u00d6RDERKREIS GIESSEREI- UND<br>WERKSTOFFTECHNIK F\u00d6RDERKREIS GW e.V.<\/strong><\/td><td><strong>BARBARA-UMTRUNK, 18.30 Uhr<\/strong><\/td><\/tr><\/tbody><\/table><figcaption class=\"wp-element-caption\">Anschlie\u00dfendes Programm des F\u00f6rderkreises GW<\/figcaption><\/figure>\n\n\n\n<p><\/p>\n","protected":false},"excerpt":{"rendered":"<p>Am 14. November 2025 findet die BARBARA-Tagung in den R\u00e4umen der THM in Friedberg (Hessen) statt, zu welcher wieder spannende Vortr\u00e4ge auf Sie warten. Veranstalter sind der F\u00f6rderkreis Gie\u00dferei- und Werkstofftechnik Friedberg und der Verein Deutscher Gie\u00dfereifachleute e.V. Tagungsort: TH &hellip; <a href=\"https:\/\/foerderkreis-gw.de\/?p=730\">Weiterlesen <span class=\"meta-nav\">&rarr;<\/span><\/a><\/p>\n","protected":false},"author":2,"featured_media":12,"comment_status":"closed","ping_status":"open","sticky":false,"template":"","format":"standard","meta":{"ngg_post_thumbnail":0,"footnotes":""},"categories":[5,4,6],"tags":[],"class_list":["post-730","post","type-post","status-publish","format-standard","has-post-thumbnail","hentry","category-aktivitaeten","category-barbaratagungen","category-termine"],"_links":{"self":[{"href":"https:\/\/foerderkreis-gw.de\/index.php?rest_route=\/wp\/v2\/posts\/730","targetHints":{"allow":["GET"]}}],"collection":[{"href":"https:\/\/foerderkreis-gw.de\/index.php?rest_route=\/wp\/v2\/posts"}],"about":[{"href":"https:\/\/foerderkreis-gw.de\/index.php?rest_route=\/wp\/v2\/types\/post"}],"author":[{"embeddable":true,"href":"https:\/\/foerderkreis-gw.de\/index.php?rest_route=\/wp\/v2\/users\/2"}],"replies":[{"embeddable":true,"href":"https:\/\/foerderkreis-gw.de\/index.php?rest_route=%2Fwp%2Fv2%2Fcomments&post=730"}],"version-history":[{"count":5,"href":"https:\/\/foerderkreis-gw.de\/index.php?rest_route=\/wp\/v2\/posts\/730\/revisions"}],"predecessor-version":[{"id":738,"href":"https:\/\/foerderkreis-gw.de\/index.php?rest_route=\/wp\/v2\/posts\/730\/revisions\/738"}],"wp:featuredmedia":[{"embeddable":true,"href":"https:\/\/foerderkreis-gw.de\/index.php?rest_route=\/wp\/v2\/media\/12"}],"wp:attachment":[{"href":"https:\/\/foerderkreis-gw.de\/index.php?rest_route=%2Fwp%2Fv2%2Fmedia&parent=730"}],"wp:term":[{"taxonomy":"category","embeddable":true,"href":"https:\/\/foerderkreis-gw.de\/index.php?rest_route=%2Fwp%2Fv2%2Fcategories&post=730"},{"taxonomy":"post_tag","embeddable":true,"href":"https:\/\/foerderkreis-gw.de\/index.php?rest_route=%2Fwp%2Fv2%2Ftags&post=730"}],"curies":[{"name":"wp","href":"https:\/\/api.w.org\/{rel}","templated":true}]}}