{"id":774,"date":"2025-11-15T17:07:09","date_gmt":"2025-11-15T16:07:09","guid":{"rendered":"https:\/\/foerderkreis-gw.de\/?p=774"},"modified":"2026-02-23T11:51:24","modified_gmt":"2026-02-23T10:51:24","slug":"barbaratagung-an-der-thm-in-friedberg-aktuelle-technologiethemen-aus-forschung-und-industrie","status":"publish","type":"post","link":"https:\/\/foerderkreis-gw.de\/?p=774","title":{"rendered":"Barbaratagung an der THM in Friedberg &#8211; aktuelle Technologiethemen aus Forschung und Industrie &#8211;"},"content":{"rendered":"\n<p>Am 14.11.2025 fand in den R\u00e4umlichkeiten der Technischen Hochschule Mittelhessen wieder die traditionelle Barbaratagung statt. Die Tagung wird seit mehr als 60 Jahren durch den F\u00f6rderkreis Gie\u00dferei- und Werkstofftechnik und dem Verein Deutscher Gie\u00dfereifachleute, Landesgruppe Hessen, veranstaltet.<\/p>\n\n\n\n<p>Bereits in der Er\u00f6ffnung der Tagung wurde von Prof. Dr. Klaus Behler, Gesch\u00e4ftsf\u00fchrer des F\u00f6rderkreises GW, und Dr. Wolfgang Lenz vom VDG betont, dass es trotz der aktuellen Berichte \u00fcber Probleme in der Wirtschaft und den hessischen Hochschulen ein hohes Innovationspotenzial und z. T. erheblichen Mangel an h\u00f6her qualifizierten Fachkr\u00e4ften in der Industrie, gerade bei kleinen und mittleren Unternehmen, gibt. Die auch in diesem Jahr wieder gewonnenen hochkar\u00e4tigen Referentinnen und Referenten aus Industrie und Forschung waren zum gro\u00dfen Teil ehemalige AbsolventInnen der THM, bspw. der Studieng\u00e4nge Physikalische Technik oder auch Elektrotechnik. Es wurde f\u00fcr die studentischen Teilnehmerinnen und Teilnehmer der Tagung darauf hingewiesen, dass die vertretenen Unternehmen zum gr\u00f6\u00dften Teil aus der Region im Umkreis von ca. 75 km um Friedberg kommen, dies erleichtert die Kontaktaufnahme und folgend den beruflichen Einstieg in f\u00fchrende Unternehmen unterschiedlicher Branchen.<\/p>\n\n\n\n<p>In 8 Vortr\u00e4gen zu unterschiedlichen Technologieschwerpunkten wurden den \u00fcber 60 Tagungsg\u00e4sten aktuelle und vielf\u00e4ltige Themen und Fragestellungen pr\u00e4sentiert, wie Methoden zur Dickenkontrolle von Wafern in der Halbleiterfertigung oder neueste Entwicklungen zur lasergest\u00fctzten Beschichtung von Bremsscheiben, eine notwendige Innovation zur zuk\u00fcnftigen Einhaltung von Umweltvorschriften (EURO7-Abgasnorm).<br>Ebenfalls in Verbindung mit immer wichtigeren Aspekten zu Umweltanforderungen und Energieverbrauch befassten sich Vortr\u00e4ge mit dem Prozess- und Energiemanagement sowie dem Einsatz von Robotern in der Bearbeitung gusstechnischer Komponenten. Dass solche Aspekte wesentliche Entwicklungstreiber auch f\u00fcr den allt\u00e4glichen Bedarf sind, zeigte ein Vortrag zur Verwendbarkeit von recyceltem Aluminium f\u00fcr die M\u00f6belindustrie. Hier k\u00f6nnen erhebliche Umweltsch\u00e4den bspw. durch Reduktion des Bauxitabbaus im Amazonasgebiet vermieden werden, wenn spezifische legierungsbezogene Zusammenh\u00e4nge genau beachtet werden.<br>Die industrielle, automatisierte W\u00e4getechnik, bspw. in der Getr\u00e4nkeabf\u00fcllung oder dem Betrieb gro\u00dfer Vorratssilos in der verarbeitenden Industrie, ist mit komplexen Fragestellungen, sehr hohen technischen Anforderungen und digitaler Datenverarbeitung verkn\u00fcpft. Dies wurde an verschiedenen Anwendungs- und Entwicklungsbeispielen verdeutlicht.<br>In der heutigen Fertigung, insbesondere bei generierenden Verfahren wie der Gie\u00dfereitechnik, dienen umfassende Simulationsm\u00f6glichkeiten dazu, f\u00fcr die Herstellung von Komponenten, auch bei geringer St\u00fcckzahl, effizientere und sicherere Prozessabl\u00e4ufe zu erzielen. Hierdurch wird die Fertigung flexibler, anforderungsspezifischer und insgesamt sind erhebliche Energieeinsparungen m\u00f6glich.<br>Abschlie\u00dfend wurde in einem Vortrag \u00fcber v\u00f6llig neue Ans\u00e4tze zur faserbasierten Messtechnik in Bioprozessen (Pharma, Chemie, Biotechnologie) berichtet. Diese wurden von einem Start Up in der Wetterau entwickelt und mittlerweile in erfolgreiche Produkte f\u00fcr die Industrie umgesetzt.<\/p>\n\n\n\n<p>Auch in diesem Jahr wurde die Tagung, die Qualit\u00e4t der Vortr\u00e4ge und die sich bietenden M\u00f6glichkeiten zum intensiven Austausch und Diskussion als sehr interessant und wichtig f\u00fcr die gesellschaftliche und industrielle Vernetzung angesehen. Beim anschlie\u00dfenden Ehemaligentreffen wurde der Austausch vertieft und neue Kontakte gekn\u00fcpft. Dies zeigt, dass insbesondere die soziale Komponente von Veranstaltungen wie der Barbaratagung, als wichtige Plattform von den Teilnehmenden angesehen wird. Die Industrie, Verb\u00e4nde und Vereine brauchen engagierte und gut ausgebildete Fach- und Nachwuchskr\u00e4fte, um ihre Zukunft zu sichern, den gesellschaftlichen Beitrag aufrechtzuerhalten und neue Impulse zu setzen.<\/p>\n\n\n\n<figure class=\"wp-block-image size-large\"><img loading=\"lazy\" decoding=\"async\" width=\"1024\" height=\"683\" src=\"https:\/\/foerderkreis-gw.de\/wp-content\/uploads\/2026\/02\/A_IMG_9962-1024x683.jpg\" alt=\"\" class=\"wp-image-778\" srcset=\"https:\/\/foerderkreis-gw.de\/wp-content\/uploads\/2026\/02\/A_IMG_9962-1024x683.jpg 1024w, https:\/\/foerderkreis-gw.de\/wp-content\/uploads\/2026\/02\/A_IMG_9962-300x200.jpg 300w, https:\/\/foerderkreis-gw.de\/wp-content\/uploads\/2026\/02\/A_IMG_9962-768x512.jpg 768w, https:\/\/foerderkreis-gw.de\/wp-content\/uploads\/2026\/02\/A_IMG_9962-1536x1024.jpg 1536w, https:\/\/foerderkreis-gw.de\/wp-content\/uploads\/2026\/02\/A_IMG_9962-2048x1365.jpg 2048w, https:\/\/foerderkreis-gw.de\/wp-content\/uploads\/2026\/02\/A_IMG_9962-450x300.jpg 450w\" sizes=\"auto, (max-width: 1024px) 100vw, 1024px\" \/><figcaption class=\"wp-element-caption\">Prof. Dr. K. Behler (r) im Gespr\u00e4ch mit dem neuen Vorsitzenden, C. T\u00f6nges (m.) und dem bisherigen Vorsitzenden der  VDG-Landesgruppe Hessen, Dr. W. Lenz (l.).<\/figcaption><\/figure>\n\n\n\n<figure class=\"wp-block-image size-large\"><img loading=\"lazy\" decoding=\"async\" width=\"1024\" height=\"683\" src=\"https:\/\/foerderkreis-gw.de\/wp-content\/uploads\/2026\/02\/A_IMG_9937-1024x683.jpg\" alt=\"\" class=\"wp-image-777\" srcset=\"https:\/\/foerderkreis-gw.de\/wp-content\/uploads\/2026\/02\/A_IMG_9937-1024x683.jpg 1024w, https:\/\/foerderkreis-gw.de\/wp-content\/uploads\/2026\/02\/A_IMG_9937-300x200.jpg 300w, https:\/\/foerderkreis-gw.de\/wp-content\/uploads\/2026\/02\/A_IMG_9937-768x512.jpg 768w, https:\/\/foerderkreis-gw.de\/wp-content\/uploads\/2026\/02\/A_IMG_9937-1536x1024.jpg 1536w, https:\/\/foerderkreis-gw.de\/wp-content\/uploads\/2026\/02\/A_IMG_9937-2048x1365.jpg 2048w, https:\/\/foerderkreis-gw.de\/wp-content\/uploads\/2026\/02\/A_IMG_9937-450x300.jpg 450w\" sizes=\"auto, (max-width: 1024px) 100vw, 1024px\" \/><figcaption class=\"wp-element-caption\">Prof. Dr, K. Behler bedankt sich bei Vortragenden P. Nimtsch vom Unternehmen Precitec Optronic \/ Neu-Isenburg f\u00fcr den sehr interessanten Vortrag zur optischen Qualit\u00e4tskontrolle in der Halbleiterfertigung.<\/figcaption><\/figure>\n","protected":false},"excerpt":{"rendered":"<p>Am 14.11.2025 fand in den R\u00e4umlichkeiten der Technischen Hochschule Mittelhessen wieder die traditionelle Barbaratagung statt. Die Tagung wird seit mehr als 60 Jahren durch den F\u00f6rderkreis Gie\u00dferei- und Werkstofftechnik und dem Verein Deutscher Gie\u00dfereifachleute, Landesgruppe Hessen, veranstaltet. Bereits in der &hellip; <a href=\"https:\/\/foerderkreis-gw.de\/?p=774\">Weiterlesen <span class=\"meta-nav\">&rarr;<\/span><\/a><\/p>\n","protected":false},"author":2,"featured_media":0,"comment_status":"closed","ping_status":"open","sticky":false,"template":"","format":"standard","meta":{"ngg_post_thumbnail":0,"footnotes":""},"categories":[5,4],"tags":[],"class_list":["post-774","post","type-post","status-publish","format-standard","hentry","category-aktivitaeten","category-barbaratagungen"],"_links":{"self":[{"href":"https:\/\/foerderkreis-gw.de\/index.php?rest_route=\/wp\/v2\/posts\/774","targetHints":{"allow":["GET"]}}],"collection":[{"href":"https:\/\/foerderkreis-gw.de\/index.php?rest_route=\/wp\/v2\/posts"}],"about":[{"href":"https:\/\/foerderkreis-gw.de\/index.php?rest_route=\/wp\/v2\/types\/post"}],"author":[{"embeddable":true,"href":"https:\/\/foerderkreis-gw.de\/index.php?rest_route=\/wp\/v2\/users\/2"}],"replies":[{"embeddable":true,"href":"https:\/\/foerderkreis-gw.de\/index.php?rest_route=%2Fwp%2Fv2%2Fcomments&post=774"}],"version-history":[{"count":4,"href":"https:\/\/foerderkreis-gw.de\/index.php?rest_route=\/wp\/v2\/posts\/774\/revisions"}],"predecessor-version":[{"id":781,"href":"https:\/\/foerderkreis-gw.de\/index.php?rest_route=\/wp\/v2\/posts\/774\/revisions\/781"}],"wp:attachment":[{"href":"https:\/\/foerderkreis-gw.de\/index.php?rest_route=%2Fwp%2Fv2%2Fmedia&parent=774"}],"wp:term":[{"taxonomy":"category","embeddable":true,"href":"https:\/\/foerderkreis-gw.de\/index.php?rest_route=%2Fwp%2Fv2%2Fcategories&post=774"},{"taxonomy":"post_tag","embeddable":true,"href":"https:\/\/foerderkreis-gw.de\/index.php?rest_route=%2Fwp%2Fv2%2Ftags&post=774"}],"curies":[{"name":"wp","href":"https:\/\/api.w.org\/{rel}","templated":true}]}}